{"id":2069,"date":"2021-09-02T08:47:34","date_gmt":"2021-09-02T06:47:34","guid":{"rendered":"https:\/\/btomail.it\/blog?p=1620"},"modified":"2022-09-22T18:56:19","modified_gmt":"2022-09-22T16:56:19","slug":"supersalone-mobile-2021","status":"publish","type":"post","link":"https:\/\/btomail.it\/blog\/supersalone-mobile-2021\/","title":{"rendered":"Supersalone 2021,  entra in contatto con il settore del mobile"},"content":{"rendered":"<div id=\"bsf_rt_marker\"><\/div>\n<figure class=\"wp-block-image size-large\"><a href=\"http:\/\/51.68.119.159\/wp-content\/uploads\/2021\/09\/btomail-supersalone-arredo.jpg\"><img fetchpriority=\"high\" decoding=\"async\" width=\"1024\" height=\"562\" src=\"http:\/\/51.68.119.159\/wp-content\/uploads\/2021\/09\/btomail-supersalone-arredo-1024x562.jpg\" alt=\"\" class=\"wp-image-2079\" srcset=\"https:\/\/btomail.it\/blog\/wp-content\/uploads\/2021\/09\/btomail-supersalone-arredo-1024x562.jpg 1024w, https:\/\/btomail.it\/blog\/wp-content\/uploads\/2021\/09\/btomail-supersalone-arredo-768x422.jpg 768w, https:\/\/btomail.it\/blog\/wp-content\/uploads\/2021\/09\/btomail-supersalone-arredo-1536x843.jpg 1536w, https:\/\/btomail.it\/blog\/wp-content\/uploads\/2021\/09\/btomail-supersalone-arredo-2048x1124.jpg 2048w\" sizes=\"(max-width: 1024px) 100vw, 1024px\" \/><\/a><\/figure>\n\n\n\n<p><strong>Il 5 settembre 2021 prende il via la 60\u00b0 edizione del Salone del Mobile, una data straordinaria, un nuovo nome, Supersalone, e un nuovo format, che per la prima volta riunir\u00e0 tutte le categorie merceologiche.<\/strong><\/p>\n\n\n\n<!--more-->\n\n\n\n<p><a rel=\"noreferrer noopener\" aria-label=\"BTOMAIL (apre in una nuova scheda)\" href=\"https:\/\/btomail.it\/\" target=\"_blank\">BTOMAIL<\/a> ti d\u00e0 l&#8217;opportunit\u00e0 di entrare in contatto e fare business con l\u2019evento pi\u00f9 importante del settore mobile arredo a livello internazionale.<\/p>\n\n\n\n\n\n<h3 class=\"wp-block-heading\">Supersalone 2021 concentra pi\u00f9 eventi eccezionali<\/h3>\n\n\n\n<p>In questa edizione l\u2019evento mondiale pi\u00f9 importante per i <strong>settori legno, arredo e illuminazione<\/strong> metter\u00e0 in scena, riuniti tutti insieme, gli eventi che si svolgono con cadenza biennale, rendendolo ancora pi\u00f9 ricco:<\/p>\n\n\n\n<ul class=\"wp-block-list\"><li>Salone Internazionale del Mobile<\/li><li>Salone Internazionale del Complemento d&#8217;Arredo<\/li><li>Eurocucina<\/li><li>FTK Technology for Kitchen<\/li><li>Salone Internazionale del Bagno<\/li><li>Euroluce<\/li><li>Workplace 3.0<\/li><\/ul>\n\n\n\n<p class=\"has-text-align-center blu\"><strong><a rel=\"noreferrer noopener\" aria-label=\"Sei un produttore o un fornitore di arredamenti e accessori e desideri entrare in contatto con gli operatori del settore? Btomail dispone di oltre 23mila indirizzi sicuri e verificati suddivisi in 28 categorie: trova qui il tuo database. (apre in una nuova scheda)\" href=\"https:\/\/btomail.it\/database-email-aziende\/email-arredamento-e-accessori\/\" target=\"_blank\">Sei un produttore o un fornitore di arredamenti e accessori? Entra in contatto con oltre 23mila indirizzi del settore: trova il tuo database su BTOMAIL.<\/a><\/strong><\/p>\n\n\n\n<p>Il format dell\u2019allestimento 2021 propone la metafora di una grande <strong>biblioteca del design<\/strong>: lunghe sezioni parallele, dedicate e studiate per le specifiche categorie merceologiche, impreziosite da duecento alberi di Forestami.<\/p>\n\n\n\n<div class=\"wp-block-group is-layout-flow wp-block-group-is-layout-flow\">\n<p class=\"has-text-align-center\"><strong>Supersalone del Mobile 2021<br><\/strong><em> 5 &#8211; 10 settembre<br> Luned\u00ec \u2013 Gioved\u00ec\/Sabato \u2013 Domenica: 10.00 &#8211; 19.00<br> Venerd\u00ec: 10.00-16-00<br> Biglietti disponibili su <a rel=\"noreferrer noopener\" aria-label=\"salonemilano.it  (apre in una nuova scheda)\" href=\"https:\/\/www.salonemilano.it\/\" target=\"_blank\">salonemilano.it <\/a><\/em><\/p>\n<\/div>\n\n\n\n<p>Non solo al Salone del Mobile in fiera: <strong>aziende e professionisti del design saranno presenti anche all\u2019ormai tradizionale Fuorisalone<\/strong>, nel suo format Milano Design Week 2021, che animer\u00e0 le vie e le piazze della metropoli lombarda nel rispetto dei protocolli dell\u2019emergenza sanitaria ancora in corso.<\/p>\n\n\n\n<h3 class=\"wp-block-heading\">Il primo grande evento fieristico post-pandemia<\/h3>\n\n\n\n<p>Dopo la <strong>pausa 2020 dovuta all\u2019emergenza sanitaria<\/strong>, l\u2019evento milanese pi\u00f9 atteso punta a tornare ai livelli delle ultime edizioni. Tra i padiglioni saranno presenti <strong>oltre 1.500 espositori<\/strong> organizzati nelle varie aree tematiche.<\/p>\n\n\n\n<p><em>\u201cIl Supersalone sar\u00e0 il primo grande evento fieristico italiano dopo l\u2019esplosione della pandemia. Super perch\u00e9 imperdibile. Imperdibile perch\u00e9 vedr\u00e0 per la prima volta insieme i grandi brand del design, i giovani makers, le scuole internazionali, le grandi icone del design, i pi\u00f9 grandi chef italiani e molti protagonisti della scena dell\u2019arte e dell\u2019architettura.\u201d<\/em><br><strong>Il curatore Stefano Boeri<\/strong><\/p>\n\n\n\n<p>Una <strong>nuova piattaforma digitale<\/strong> dedicata al Salone del Mobile, affianca, supporta e completa lo scenario avvolgente e coinvolgente dell\u2019evento espositivo, garantendo un\u2019esperienza a 360\u00b0 tra digitale e presenta fisica.<\/p>\n\n\n\n<h3 class=\"wp-block-heading\">Come recuperare gli indirizzi email delle aziende di arredamento e accessori<\/h3>\n\n\n\n<p>Il Supersalone \u00e8 l\u2019occasione per <strong>entrare in contatto con tutti gli operatori del settore arredo<\/strong>, con le tendenze pi\u00f9 in auge e per cogliere il trend di crescita del mercato del mobile e arredo.<\/p>\n\n\n\n<p>Per cogliere le opportunit\u00e0 offerte dal mercato e agganciare la ripresa in atto, \u00e8 possibile entrare in contatto con gli operatori del settore e attivare un efficace B2B: <a rel=\"noreferrer noopener\" aria-label=\"BTOMAIL  (apre in una nuova scheda)\" href=\"https:\/\/btomail.it\/database-email-aziende\/email-arredamento-e-accessori\/\" target=\"_blank\">BTOMAIL <\/a>con un solo click ti permette di ricevere <strong>oltre 23mila contatti nel mondo del mobile arredo<\/strong>, suddivisi in 28 segmenti merceologici. Un modo semplice e sicuro per creare, <a href=\"https:\/\/btomail.it\/blog\/marketing-successo-email-aziendali-generiche\/\">tramite l&#8217;email marketing<\/a>, opportunit\u00e0 di business con i protagonisti del Salone del Mobile.<\/p>\n\n\n\n<p class=\"has-text-align-center blu\"><strong><a href=\"https:\/\/btomail.it\/database-email-aziende\/email-arredamento-e-accessori\/\">Completa il tuo business tour, virtuale o fisico, al Supersalone 2021: BTOMAIL ti offre un database di oltre 23mila contatti del settore mobile arredo, verificati, aggiornati e suddivisi in segmenti merceologici.<\/a><\/strong><\/p>\n","protected":false},"excerpt":{"rendered":"<p>Il 5 settembre 2021 prende il via la 60\u00b0 edizione del Salone del Mobile, una data straordinaria, un nuovo nome, Supersalone, e un nuovo format, che per la prima volta riunir\u00e0 tutte le categorie merceologiche.<\/p>\n","protected":false},"author":1,"featured_media":2079,"comment_status":"closed","ping_status":"open","sticky":false,"template":"","format":"standard","meta":{"footnotes":""},"categories":[7],"tags":[],"class_list":["post-2069","post","type-post","status-publish","format-standard","has-post-thumbnail","hentry","category-gestione-liste-contatti"],"blocksy_meta":{"styles_descriptor":{"styles":{"desktop":"","tablet":"","mobile":""},"google_fonts":[],"version":5}},"yoast_head":"<!-- This site is optimized with the Yoast SEO plugin v25.8 - https:\/\/yoast.com\/wordpress\/plugins\/seo\/ -->\n<title>Supersalone 2021, entra in contatto con il settore del mobile<\/title>\n<meta name=\"description\" content=\"Il 5 settembre 2021 prende il via la 60\u00b0 edizione del Salone del Mobile, una data straordinaria, un nuovo nome, Supersalone\" \/>\n<meta name=\"robots\" content=\"index, follow, max-snippet:-1, max-image-preview:large, max-video-preview:-1\" \/>\n<link rel=\"canonical\" href=\"https:\/\/btomail.it\/blog\/supersalone-mobile-2021\/\" \/>\n<meta property=\"og:locale\" content=\"it_IT\" \/>\n<meta property=\"og:type\" content=\"article\" \/>\n<meta property=\"og:title\" content=\"Supersalone 2021, entra in contatto con il settore del mobile\" \/>\n<meta property=\"og:description\" content=\"Il 5 settembre 2021 prende il via la 60\u00b0 edizione del Salone del Mobile, una data straordinaria, un nuovo nome, Supersalone\" \/>\n<meta property=\"og:url\" content=\"https:\/\/btomail.it\/blog\/supersalone-mobile-2021\/\" \/>\n<meta property=\"og:site_name\" content=\"BTOMAIL Blog\" \/>\n<meta property=\"article:published_time\" content=\"2021-09-02T06:47:34+00:00\" \/>\n<meta property=\"article:modified_time\" content=\"2022-09-22T16:56:19+00:00\" \/>\n<meta property=\"og:image\" content=\"https:\/\/btomail.it\/blog\/wp-content\/uploads\/2021\/09\/btomail-supersalone-arredo.jpg\" \/>\n\t<meta property=\"og:image:width\" content=\"2297\" \/>\n\t<meta property=\"og:image:height\" content=\"1261\" \/>\n\t<meta property=\"og:image:type\" content=\"image\/jpeg\" \/>\n<meta name=\"author\" content=\"Simone Lanza\" \/>\n<meta name=\"twitter:label1\" content=\"Scritto da\" \/>\n\t<meta name=\"twitter:data1\" content=\"Simone Lanza\" \/>\n\t<meta name=\"twitter:label2\" content=\"Tempo di lettura stimato\" \/>\n\t<meta name=\"twitter:data2\" content=\"3 minuti\" \/>\n<script type=\"application\/ld+json\" class=\"yoast-schema-graph\">{\"@context\":\"https:\/\/schema.org\",\"@graph\":[{\"@type\":\"Article\",\"@id\":\"https:\/\/btomail.it\/blog\/supersalone-mobile-2021\/#article\",\"isPartOf\":{\"@id\":\"https:\/\/btomail.it\/blog\/supersalone-mobile-2021\/\"},\"author\":{\"name\":\"Simone Lanza\",\"@id\":\"https:\/\/btomail.it\/blog\/#\/schema\/person\/314c4cf2d8d6beab07102a25ee8876b4\"},\"headline\":\"Supersalone 2021, entra in contatto con il settore del mobile\",\"datePublished\":\"2021-09-02T06:47:34+00:00\",\"dateModified\":\"2022-09-22T16:56:19+00:00\",\"mainEntityOfPage\":{\"@id\":\"https:\/\/btomail.it\/blog\/supersalone-mobile-2021\/\"},\"wordCount\":513,\"publisher\":{\"@id\":\"https:\/\/btomail.it\/blog\/#organization\"},\"image\":{\"@id\":\"https:\/\/btomail.it\/blog\/supersalone-mobile-2021\/#primaryimage\"},\"thumbnailUrl\":\"https:\/\/btomail.it\/blog\/wp-content\/uploads\/2021\/09\/btomail-supersalone-arredo.jpg\",\"articleSection\":[\"Gestione liste contatti\"],\"inLanguage\":\"it-IT\"},{\"@type\":\"WebPage\",\"@id\":\"https:\/\/btomail.it\/blog\/supersalone-mobile-2021\/\",\"url\":\"https:\/\/btomail.it\/blog\/supersalone-mobile-2021\/\",\"name\":\"Supersalone 2021, entra in contatto con il settore del mobile\",\"isPartOf\":{\"@id\":\"https:\/\/btomail.it\/blog\/#website\"},\"primaryImageOfPage\":{\"@id\":\"https:\/\/btomail.it\/blog\/supersalone-mobile-2021\/#primaryimage\"},\"image\":{\"@id\":\"https:\/\/btomail.it\/blog\/supersalone-mobile-2021\/#primaryimage\"},\"thumbnailUrl\":\"https:\/\/btomail.it\/blog\/wp-content\/uploads\/2021\/09\/btomail-supersalone-arredo.jpg\",\"datePublished\":\"2021-09-02T06:47:34+00:00\",\"dateModified\":\"2022-09-22T16:56:19+00:00\",\"description\":\"Il 5 settembre 2021 prende il via la 60\u00b0 edizione del Salone del Mobile, una data straordinaria, un nuovo nome, Supersalone\",\"breadcrumb\":{\"@id\":\"https:\/\/btomail.it\/blog\/supersalone-mobile-2021\/#breadcrumb\"},\"inLanguage\":\"it-IT\",\"potentialAction\":[{\"@type\":\"ReadAction\",\"target\":[\"https:\/\/btomail.it\/blog\/supersalone-mobile-2021\/\"]}]},{\"@type\":\"ImageObject\",\"inLanguage\":\"it-IT\",\"@id\":\"https:\/\/btomail.it\/blog\/supersalone-mobile-2021\/#primaryimage\",\"url\":\"https:\/\/btomail.it\/blog\/wp-content\/uploads\/2021\/09\/btomail-supersalone-arredo.jpg\",\"contentUrl\":\"https:\/\/btomail.it\/blog\/wp-content\/uploads\/2021\/09\/btomail-supersalone-arredo.jpg\",\"width\":2297,\"height\":1261,\"caption\":\"Contatti aziende Salone Mobile\"},{\"@type\":\"BreadcrumbList\",\"@id\":\"https:\/\/btomail.it\/blog\/supersalone-mobile-2021\/#breadcrumb\",\"itemListElement\":[{\"@type\":\"ListItem\",\"position\":1,\"name\":\"Home\",\"item\":\"https:\/\/btomail.it\/blog\/\"},{\"@type\":\"ListItem\",\"position\":2,\"name\":\"Gestione liste contatti\",\"item\":\"https:\/\/btomail.it\/blog\/category\/gestione-liste-contatti\/\"},{\"@type\":\"ListItem\",\"position\":3,\"name\":\"Supersalone 2021, entra in contatto con il settore del mobile\"}]},{\"@type\":\"WebSite\",\"@id\":\"https:\/\/btomail.it\/blog\/#website\",\"url\":\"https:\/\/btomail.it\/blog\/\",\"name\":\"BTOMAIL Blog\",\"description\":\"Liste email verificate e garantite al 100% perfette per le tue attivit\u00e0 di email marketing B2B\",\"publisher\":{\"@id\":\"https:\/\/btomail.it\/blog\/#organization\"},\"potentialAction\":[{\"@type\":\"SearchAction\",\"target\":{\"@type\":\"EntryPoint\",\"urlTemplate\":\"https:\/\/btomail.it\/blog\/?s={search_term_string}\"},\"query-input\":{\"@type\":\"PropertyValueSpecification\",\"valueRequired\":true,\"valueName\":\"search_term_string\"}}],\"inLanguage\":\"it-IT\"},{\"@type\":\"Organization\",\"@id\":\"https:\/\/btomail.it\/blog\/#organization\",\"name\":\"Btomail\",\"url\":\"https:\/\/btomail.it\/blog\/\",\"logo\":{\"@type\":\"ImageObject\",\"inLanguage\":\"it-IT\",\"@id\":\"https:\/\/btomail.it\/blog\/#\/schema\/logo\/image\/\",\"url\":\"https:\/\/btomail.it\/blog\/wp-content\/uploads\/2021\/07\/btomail-logo.png\",\"contentUrl\":\"https:\/\/btomail.it\/blog\/wp-content\/uploads\/2021\/07\/btomail-logo.png\",\"width\":908,\"height\":202,\"caption\":\"Btomail\"},\"image\":{\"@id\":\"https:\/\/btomail.it\/blog\/#\/schema\/logo\/image\/\"}},{\"@type\":\"Person\",\"@id\":\"https:\/\/btomail.it\/blog\/#\/schema\/person\/314c4cf2d8d6beab07102a25ee8876b4\",\"name\":\"Simone Lanza\",\"description\":\"Fondatore di BTOMAIL e BTOLEAD\"}]}<\/script>\n<!-- \/ Yoast SEO plugin. -->","yoast_head_json":{"title":"Supersalone 2021, entra in contatto con il settore del mobile","description":"Il 5 settembre 2021 prende il via la 60\u00b0 edizione del Salone del Mobile, una data straordinaria, un nuovo nome, Supersalone","robots":{"index":"index","follow":"follow","max-snippet":"max-snippet:-1","max-image-preview":"max-image-preview:large","max-video-preview":"max-video-preview:-1"},"canonical":"https:\/\/btomail.it\/blog\/supersalone-mobile-2021\/","og_locale":"it_IT","og_type":"article","og_title":"Supersalone 2021, entra in contatto con il settore del mobile","og_description":"Il 5 settembre 2021 prende il via la 60\u00b0 edizione del Salone del Mobile, una data straordinaria, un nuovo nome, Supersalone","og_url":"https:\/\/btomail.it\/blog\/supersalone-mobile-2021\/","og_site_name":"BTOMAIL Blog","article_published_time":"2021-09-02T06:47:34+00:00","article_modified_time":"2022-09-22T16:56:19+00:00","og_image":[{"width":2297,"height":1261,"url":"https:\/\/btomail.it\/blog\/wp-content\/uploads\/2021\/09\/btomail-supersalone-arredo.jpg","type":"image\/jpeg"}],"author":"Simone Lanza","twitter_misc":{"Scritto da":"Simone Lanza","Tempo di lettura stimato":"3 minuti"},"schema":{"@context":"https:\/\/schema.org","@graph":[{"@type":"Article","@id":"https:\/\/btomail.it\/blog\/supersalone-mobile-2021\/#article","isPartOf":{"@id":"https:\/\/btomail.it\/blog\/supersalone-mobile-2021\/"},"author":{"name":"Simone Lanza","@id":"https:\/\/btomail.it\/blog\/#\/schema\/person\/314c4cf2d8d6beab07102a25ee8876b4"},"headline":"Supersalone 2021, entra in contatto con il settore del mobile","datePublished":"2021-09-02T06:47:34+00:00","dateModified":"2022-09-22T16:56:19+00:00","mainEntityOfPage":{"@id":"https:\/\/btomail.it\/blog\/supersalone-mobile-2021\/"},"wordCount":513,"publisher":{"@id":"https:\/\/btomail.it\/blog\/#organization"},"image":{"@id":"https:\/\/btomail.it\/blog\/supersalone-mobile-2021\/#primaryimage"},"thumbnailUrl":"https:\/\/btomail.it\/blog\/wp-content\/uploads\/2021\/09\/btomail-supersalone-arredo.jpg","articleSection":["Gestione liste contatti"],"inLanguage":"it-IT"},{"@type":"WebPage","@id":"https:\/\/btomail.it\/blog\/supersalone-mobile-2021\/","url":"https:\/\/btomail.it\/blog\/supersalone-mobile-2021\/","name":"Supersalone 2021, entra in contatto con il settore del mobile","isPartOf":{"@id":"https:\/\/btomail.it\/blog\/#website"},"primaryImageOfPage":{"@id":"https:\/\/btomail.it\/blog\/supersalone-mobile-2021\/#primaryimage"},"image":{"@id":"https:\/\/btomail.it\/blog\/supersalone-mobile-2021\/#primaryimage"},"thumbnailUrl":"https:\/\/btomail.it\/blog\/wp-content\/uploads\/2021\/09\/btomail-supersalone-arredo.jpg","datePublished":"2021-09-02T06:47:34+00:00","dateModified":"2022-09-22T16:56:19+00:00","description":"Il 5 settembre 2021 prende il via la 60\u00b0 edizione del Salone del Mobile, una data straordinaria, un nuovo nome, Supersalone","breadcrumb":{"@id":"https:\/\/btomail.it\/blog\/supersalone-mobile-2021\/#breadcrumb"},"inLanguage":"it-IT","potentialAction":[{"@type":"ReadAction","target":["https:\/\/btomail.it\/blog\/supersalone-mobile-2021\/"]}]},{"@type":"ImageObject","inLanguage":"it-IT","@id":"https:\/\/btomail.it\/blog\/supersalone-mobile-2021\/#primaryimage","url":"https:\/\/btomail.it\/blog\/wp-content\/uploads\/2021\/09\/btomail-supersalone-arredo.jpg","contentUrl":"https:\/\/btomail.it\/blog\/wp-content\/uploads\/2021\/09\/btomail-supersalone-arredo.jpg","width":2297,"height":1261,"caption":"Contatti aziende Salone Mobile"},{"@type":"BreadcrumbList","@id":"https:\/\/btomail.it\/blog\/supersalone-mobile-2021\/#breadcrumb","itemListElement":[{"@type":"ListItem","position":1,"name":"Home","item":"https:\/\/btomail.it\/blog\/"},{"@type":"ListItem","position":2,"name":"Gestione liste contatti","item":"https:\/\/btomail.it\/blog\/category\/gestione-liste-contatti\/"},{"@type":"ListItem","position":3,"name":"Supersalone 2021, entra in contatto con il settore del mobile"}]},{"@type":"WebSite","@id":"https:\/\/btomail.it\/blog\/#website","url":"https:\/\/btomail.it\/blog\/","name":"BTOMAIL Blog","description":"Liste email verificate e garantite al 100% perfette per le tue attivit\u00e0 di email marketing B2B","publisher":{"@id":"https:\/\/btomail.it\/blog\/#organization"},"potentialAction":[{"@type":"SearchAction","target":{"@type":"EntryPoint","urlTemplate":"https:\/\/btomail.it\/blog\/?s={search_term_string}"},"query-input":{"@type":"PropertyValueSpecification","valueRequired":true,"valueName":"search_term_string"}}],"inLanguage":"it-IT"},{"@type":"Organization","@id":"https:\/\/btomail.it\/blog\/#organization","name":"Btomail","url":"https:\/\/btomail.it\/blog\/","logo":{"@type":"ImageObject","inLanguage":"it-IT","@id":"https:\/\/btomail.it\/blog\/#\/schema\/logo\/image\/","url":"https:\/\/btomail.it\/blog\/wp-content\/uploads\/2021\/07\/btomail-logo.png","contentUrl":"https:\/\/btomail.it\/blog\/wp-content\/uploads\/2021\/07\/btomail-logo.png","width":908,"height":202,"caption":"Btomail"},"image":{"@id":"https:\/\/btomail.it\/blog\/#\/schema\/logo\/image\/"}},{"@type":"Person","@id":"https:\/\/btomail.it\/blog\/#\/schema\/person\/314c4cf2d8d6beab07102a25ee8876b4","name":"Simone Lanza","description":"Fondatore di BTOMAIL e BTOLEAD"}]}},"_links":{"self":[{"href":"https:\/\/btomail.it\/blog\/wp-json\/wp\/v2\/posts\/2069","targetHints":{"allow":["GET"]}}],"collection":[{"href":"https:\/\/btomail.it\/blog\/wp-json\/wp\/v2\/posts"}],"about":[{"href":"https:\/\/btomail.it\/blog\/wp-json\/wp\/v2\/types\/post"}],"author":[{"embeddable":true,"href":"https:\/\/btomail.it\/blog\/wp-json\/wp\/v2\/users\/1"}],"replies":[{"embeddable":true,"href":"https:\/\/btomail.it\/blog\/wp-json\/wp\/v2\/comments?post=2069"}],"version-history":[{"count":1,"href":"https:\/\/btomail.it\/blog\/wp-json\/wp\/v2\/posts\/2069\/revisions"}],"predecessor-version":[{"id":2369,"href":"https:\/\/btomail.it\/blog\/wp-json\/wp\/v2\/posts\/2069\/revisions\/2369"}],"wp:featuredmedia":[{"embeddable":true,"href":"https:\/\/btomail.it\/blog\/wp-json\/wp\/v2\/media\/2079"}],"wp:attachment":[{"href":"https:\/\/btomail.it\/blog\/wp-json\/wp\/v2\/media?parent=2069"}],"wp:term":[{"taxonomy":"category","embeddable":true,"href":"https:\/\/btomail.it\/blog\/wp-json\/wp\/v2\/categories?post=2069"},{"taxonomy":"post_tag","embeddable":true,"href":"https:\/\/btomail.it\/blog\/wp-json\/wp\/v2\/tags?post=2069"}],"curies":[{"name":"wp","href":"https:\/\/api.w.org\/{rel}","templated":true}]}}